{"id":7429,"date":"2025-12-08T12:06:08","date_gmt":"2025-12-08T12:06:08","guid":{"rendered":"https:\/\/citac.com\/?p=7429"},"modified":"2025-12-08T12:06:09","modified_gmt":"2025-12-08T12:06:09","slug":"citac-a-dispense-une-session-de-formation-au-siege-de-larda-a-abidjan","status":"publish","type":"post","link":"https:\/\/citac.com\/fr\/citac-a-dispense-une-session-de-formation-au-siege-de-larda-a-abidjan\/","title":{"rendered":"CITAC a dispens\u00e9 une session de formation au si\u00e8ge de l\u2019ARDA \u00e0 Abidjan."},"content":{"rendered":"\n<p>Jeremy Parker, responsable du d\u00e9veloppement commercial, et James McCullagh, directeur ex\u00e9cutif, ont anim\u00e9 la session de formation de CITAC au si\u00e8ge de l\u2019ARDA la semaine derni\u00e8re, engageant les participants dans des discussions sur les marges aval, les tendances du march\u00e9, la cuisson propre et les d\u00e9fis li\u00e9s aux infrastructures \u00e0 travers l\u2019Afrique.<\/p>\n\n\n\n<p>CITAC Africa Ltd est fi\u00e8re de soutenir l\u2019ARDA dans le renforcement des capacit\u00e9s du secteur aval sur l\u2019ensemble du continent.<\/p>\n\n\n\n<p>Nous remercions l\u2019ARDA pour avoir accueilli cet \u00e9v\u00e9nement.<\/p>\n\n\n\n<figure class=\"wp-block-gallery has-nested-images columns-default is-cropped wp-block-gallery-1 is-layout-flex wp-block-gallery-is-layout-flex\">\n<figure class=\"wp-block-image size-large\"><img loading=\"lazy\" decoding=\"async\" width=\"1024\" height=\"683\" data-id=\"7430\" src=\"https:\/\/citac.com\/wp-content\/uploads\/2025\/12\/DSC_0013-1-1024x683.jpg\" alt=\"\" class=\"wp-image-7430\" srcset=\"https:\/\/citac.com\/wp-content\/uploads\/2025\/12\/DSC_0013-1-1024x683.jpg 1024w, https:\/\/citac.com\/wp-content\/uploads\/2025\/12\/DSC_0013-1-300x200.jpg 300w, https:\/\/citac.com\/wp-content\/uploads\/2025\/12\/DSC_0013-1-768x512.jpg 768w, https:\/\/citac.com\/wp-content\/uploads\/2025\/12\/DSC_0013-1-1536x1024.jpg 1536w, https:\/\/citac.com\/wp-content\/uploads\/2025\/12\/DSC_0013-1-2048x1365.jpg 2048w, https:\/\/citac.com\/wp-content\/uploads\/2025\/12\/DSC_0013-1-320x213.jpg 320w, https:\/\/citac.com\/wp-content\/uploads\/2025\/12\/DSC_0013-1-800x533.jpg 800w, https:\/\/citac.com\/wp-content\/uploads\/2025\/12\/DSC_0013-1-260x173.jpg 260w, https:\/\/citac.com\/wp-content\/uploads\/2025\/12\/DSC_0013-1-455x303.jpg 455w\" sizes=\"auto, (max-width: 1024px) 100vw, 1024px\" \/><\/figure>\n\n\n\n<figure class=\"wp-block-image size-large\"><img loading=\"lazy\" decoding=\"async\" width=\"1024\" height=\"683\" data-id=\"7432\" src=\"https:\/\/citac.com\/wp-content\/uploads\/2025\/12\/jeremy-1-1024x683.jpg\" alt=\"\" class=\"wp-image-7432\" srcset=\"https:\/\/citac.com\/wp-content\/uploads\/2025\/12\/jeremy-1-1024x683.jpg 1024w, https:\/\/citac.com\/wp-content\/uploads\/2025\/12\/jeremy-1-300x200.jpg 300w, https:\/\/citac.com\/wp-content\/uploads\/2025\/12\/jeremy-1-768x512.jpg 768w, https:\/\/citac.com\/wp-content\/uploads\/2025\/12\/jeremy-1-1536x1024.jpg 1536w, https:\/\/citac.com\/wp-content\/uploads\/2025\/12\/jeremy-1-2048x1365.jpg 2048w, https:\/\/citac.com\/wp-content\/uploads\/2025\/12\/jeremy-1-320x213.jpg 320w, https:\/\/citac.com\/wp-content\/uploads\/2025\/12\/jeremy-1-800x533.jpg 800w, https:\/\/citac.com\/wp-content\/uploads\/2025\/12\/jeremy-1-260x173.jpg 260w, https:\/\/citac.com\/wp-content\/uploads\/2025\/12\/jeremy-1-455x303.jpg 455w\" sizes=\"auto, (max-width: 1024px) 100vw, 1024px\" \/><\/figure>\n\n\n\n<figure class=\"wp-block-image size-large\"><img loading=\"lazy\" decoding=\"async\" width=\"1024\" height=\"683\" data-id=\"7434\" src=\"https:\/\/citac.com\/wp-content\/uploads\/2025\/12\/DSC_0018-1-1024x683.jpg\" alt=\"\" class=\"wp-image-7434\" srcset=\"https:\/\/citac.com\/wp-content\/uploads\/2025\/12\/DSC_0018-1-1024x683.jpg 1024w, https:\/\/citac.com\/wp-content\/uploads\/2025\/12\/DSC_0018-1-300x200.jpg 300w, https:\/\/citac.com\/wp-content\/uploads\/2025\/12\/DSC_0018-1-768x512.jpg 768w, https:\/\/citac.com\/wp-content\/uploads\/2025\/12\/DSC_0018-1-1536x1024.jpg 1536w, https:\/\/citac.com\/wp-content\/uploads\/2025\/12\/DSC_0018-1-2048x1365.jpg 2048w, https:\/\/citac.com\/wp-content\/uploads\/2025\/12\/DSC_0018-1-320x213.jpg 320w, https:\/\/citac.com\/wp-content\/uploads\/2025\/12\/DSC_0018-1-800x533.jpg 800w, https:\/\/citac.com\/wp-content\/uploads\/2025\/12\/DSC_0018-1-260x173.jpg 260w, https:\/\/citac.com\/wp-content\/uploads\/2025\/12\/DSC_0018-1-455x303.jpg 455w\" sizes=\"auto, (max-width: 1024px) 100vw, 1024px\" \/><\/figure>\n<\/figure>\n","protected":false},"excerpt":{"rendered":"<p>Jeremy Parker, responsable du d\u00e9veloppement commercial, et James McCullagh, directeur ex\u00e9cutif, ont anim\u00e9 la session de formation de CITAC au si\u00e8ge de l\u2019ARDA la semaine derni\u00e8re, engageant les participants dans des discussions sur les marges aval, les tendances du march\u00e9, la cuisson propre et les d\u00e9fis li\u00e9s aux infrastructures \u00e0 travers l\u2019Afrique. CITAC Africa Ltd [&hellip;]<\/p>\n","protected":false},"author":970,"featured_media":0,"comment_status":"open","ping_status":"open","sticky":false,"template":"","format":"standard","meta":{"_acf_changed":false,"footnotes":""},"categories":[61],"tags":[],"class_list":["post-7429","post","type-post","status-publish","format-standard","hentry","category-evenement"],"acf":[],"yoast_head":"<!-- This site is optimized with the Yoast SEO plugin v25.1 - https:\/\/yoast.com\/wordpress\/plugins\/seo\/ -->\n<title>CITAC a dispens\u00e9 une session de formation au si\u00e8ge de l\u2019ARDA \u00e0 Abidjan. - CITAC<\/title>\n<meta name=\"robots\" content=\"index, follow, max-snippet:-1, max-image-preview:large, max-video-preview:-1\" \/>\n<link rel=\"canonical\" href=\"https:\/\/citac.com\/fr\/citac-a-dispense-une-session-de-formation-au-siege-de-larda-a-abidjan\/\" \/>\n<meta property=\"og:locale\" content=\"fr_FR\" \/>\n<meta property=\"og:type\" content=\"article\" \/>\n<meta property=\"og:title\" content=\"CITAC a dispens\u00e9 une session de formation au si\u00e8ge de l\u2019ARDA \u00e0 Abidjan. - CITAC\" \/>\n<meta property=\"og:description\" content=\"Jeremy Parker, responsable du d\u00e9veloppement commercial, et James McCullagh, directeur ex\u00e9cutif, ont anim\u00e9 la session de formation de CITAC au si\u00e8ge de l\u2019ARDA la semaine derni\u00e8re, engageant les participants dans des discussions sur les marges aval, les tendances du march\u00e9, la cuisson propre et les d\u00e9fis li\u00e9s aux infrastructures \u00e0 travers l\u2019Afrique. CITAC Africa Ltd [&hellip;]\" \/>\n<meta property=\"og:url\" content=\"https:\/\/citac.com\/fr\/citac-a-dispense-une-session-de-formation-au-siege-de-larda-a-abidjan\/\" \/>\n<meta property=\"og:site_name\" content=\"CITAC\" \/>\n<meta property=\"article:published_time\" content=\"2025-12-08T12:06:08+00:00\" \/>\n<meta property=\"article:modified_time\" content=\"2025-12-08T12:06:09+00:00\" \/>\n<meta property=\"og:image\" content=\"https:\/\/citac.com\/wp-content\/uploads\/2025\/12\/DSC_0013-1-scaled.jpg\" \/>\n\t<meta property=\"og:image:width\" content=\"2560\" \/>\n\t<meta property=\"og:image:height\" content=\"1707\" \/>\n\t<meta property=\"og:image:type\" content=\"image\/jpeg\" \/>\n<meta name=\"author\" content=\"CITACLaure\" \/>\n<meta name=\"twitter:card\" content=\"summary_large_image\" \/>\n<meta name=\"twitter:label1\" content=\"\u00c9crit par\" \/>\n\t<meta name=\"twitter:data1\" content=\"CITACLaure\" \/>\n\t<meta name=\"twitter:label2\" content=\"Dur\u00e9e de lecture estim\u00e9e\" \/>\n\t<meta name=\"twitter:data2\" content=\"1 minute\" \/>\n<script type=\"application\/ld+json\" class=\"yoast-schema-graph\">{\"@context\":\"https:\/\/schema.org\",\"@graph\":[{\"@type\":\"WebPage\",\"@id\":\"https:\/\/citac.com\/fr\/citac-a-dispense-une-session-de-formation-au-siege-de-larda-a-abidjan\/\",\"url\":\"https:\/\/citac.com\/fr\/citac-a-dispense-une-session-de-formation-au-siege-de-larda-a-abidjan\/\",\"name\":\"CITAC a dispens\u00e9 une session de formation au si\u00e8ge de l\u2019ARDA \u00e0 Abidjan. - CITAC\",\"isPartOf\":{\"@id\":\"https:\/\/citac.com\/#website\"},\"primaryImageOfPage\":{\"@id\":\"https:\/\/citac.com\/fr\/citac-a-dispense-une-session-de-formation-au-siege-de-larda-a-abidjan\/#primaryimage\"},\"image\":{\"@id\":\"https:\/\/citac.com\/fr\/citac-a-dispense-une-session-de-formation-au-siege-de-larda-a-abidjan\/#primaryimage\"},\"thumbnailUrl\":\"https:\/\/citac.com\/wp-content\/uploads\/2025\/12\/DSC_0013-1-1024x683.jpg\",\"datePublished\":\"2025-12-08T12:06:08+00:00\",\"dateModified\":\"2025-12-08T12:06:09+00:00\",\"author\":{\"@id\":\"https:\/\/citac.com\/#\/schema\/person\/41e2cfafd04462d69bd0b47b38e1e0ba\"},\"breadcrumb\":{\"@id\":\"https:\/\/citac.com\/fr\/citac-a-dispense-une-session-de-formation-au-siege-de-larda-a-abidjan\/#breadcrumb\"},\"inLanguage\":\"fr-FR\",\"potentialAction\":[{\"@type\":\"ReadAction\",\"target\":[\"https:\/\/citac.com\/fr\/citac-a-dispense-une-session-de-formation-au-siege-de-larda-a-abidjan\/\"]}]},{\"@type\":\"ImageObject\",\"inLanguage\":\"fr-FR\",\"@id\":\"https:\/\/citac.com\/fr\/citac-a-dispense-une-session-de-formation-au-siege-de-larda-a-abidjan\/#primaryimage\",\"url\":\"https:\/\/citac.com\/wp-content\/uploads\/2025\/12\/DSC_0013-1-1024x683.jpg\",\"contentUrl\":\"https:\/\/citac.com\/wp-content\/uploads\/2025\/12\/DSC_0013-1-1024x683.jpg\"},{\"@type\":\"BreadcrumbList\",\"@id\":\"https:\/\/citac.com\/fr\/citac-a-dispense-une-session-de-formation-au-siege-de-larda-a-abidjan\/#breadcrumb\",\"itemListElement\":[{\"@type\":\"ListItem\",\"position\":1,\"name\":\"Home\",\"item\":\"https:\/\/citac.com\/fr\/\"},{\"@type\":\"ListItem\",\"position\":2,\"name\":\"CITAC a dispens\u00e9 une session de formation au si\u00e8ge de l\u2019ARDA \u00e0 Abidjan.\"}]},{\"@type\":\"WebSite\",\"@id\":\"https:\/\/citac.com\/#website\",\"url\":\"https:\/\/citac.com\/\",\"name\":\"CITAC\",\"description\":\"Specialist consulting for the African downstream energy market\",\"potentialAction\":[{\"@type\":\"SearchAction\",\"target\":{\"@type\":\"EntryPoint\",\"urlTemplate\":\"https:\/\/citac.com\/?s={search_term_string}\"},\"query-input\":{\"@type\":\"PropertyValueSpecification\",\"valueRequired\":true,\"valueName\":\"search_term_string\"}}],\"inLanguage\":\"fr-FR\"},{\"@type\":\"Person\",\"@id\":\"https:\/\/citac.com\/#\/schema\/person\/41e2cfafd04462d69bd0b47b38e1e0ba\",\"name\":\"CITACLaure\",\"image\":{\"@type\":\"ImageObject\",\"inLanguage\":\"fr-FR\",\"@id\":\"https:\/\/citac.com\/#\/schema\/person\/image\/\",\"url\":\"https:\/\/secure.gravatar.com\/avatar\/ba5ed51a51bf3f43b2655bbb86f8e2353bd724b0b587967f73e017be5fb9e0d7?s=96&d=mm&r=g\",\"contentUrl\":\"https:\/\/secure.gravatar.com\/avatar\/ba5ed51a51bf3f43b2655bbb86f8e2353bd724b0b587967f73e017be5fb9e0d7?s=96&d=mm&r=g\",\"caption\":\"CITACLaure\"},\"url\":\"https:\/\/citac.com\/fr\/author\/citaclaure\/\"}]}<\/script>\n<!-- \/ Yoast SEO plugin. -->","yoast_head_json":{"title":"CITAC a dispens\u00e9 une session de formation au si\u00e8ge de l\u2019ARDA \u00e0 Abidjan. - CITAC","robots":{"index":"index","follow":"follow","max-snippet":"max-snippet:-1","max-image-preview":"max-image-preview:large","max-video-preview":"max-video-preview:-1"},"canonical":"https:\/\/citac.com\/fr\/citac-a-dispense-une-session-de-formation-au-siege-de-larda-a-abidjan\/","og_locale":"fr_FR","og_type":"article","og_title":"CITAC a dispens\u00e9 une session de formation au si\u00e8ge de l\u2019ARDA \u00e0 Abidjan. - CITAC","og_description":"Jeremy Parker, responsable du d\u00e9veloppement commercial, et James McCullagh, directeur ex\u00e9cutif, ont anim\u00e9 la session de formation de CITAC au si\u00e8ge de l\u2019ARDA la semaine derni\u00e8re, engageant les participants dans des discussions sur les marges aval, les tendances du march\u00e9, la cuisson propre et les d\u00e9fis li\u00e9s aux infrastructures \u00e0 travers l\u2019Afrique. CITAC Africa Ltd [&hellip;]","og_url":"https:\/\/citac.com\/fr\/citac-a-dispense-une-session-de-formation-au-siege-de-larda-a-abidjan\/","og_site_name":"CITAC","article_published_time":"2025-12-08T12:06:08+00:00","article_modified_time":"2025-12-08T12:06:09+00:00","og_image":[{"width":2560,"height":1707,"url":"https:\/\/citac.com\/wp-content\/uploads\/2025\/12\/DSC_0013-1-scaled.jpg","type":"image\/jpeg"}],"author":"CITACLaure","twitter_card":"summary_large_image","twitter_misc":{"\u00c9crit par":"CITACLaure","Dur\u00e9e de lecture estim\u00e9e":"1 minute"},"schema":{"@context":"https:\/\/schema.org","@graph":[{"@type":"WebPage","@id":"https:\/\/citac.com\/fr\/citac-a-dispense-une-session-de-formation-au-siege-de-larda-a-abidjan\/","url":"https:\/\/citac.com\/fr\/citac-a-dispense-une-session-de-formation-au-siege-de-larda-a-abidjan\/","name":"CITAC a dispens\u00e9 une session de formation au si\u00e8ge de l\u2019ARDA \u00e0 Abidjan. - CITAC","isPartOf":{"@id":"https:\/\/citac.com\/#website"},"primaryImageOfPage":{"@id":"https:\/\/citac.com\/fr\/citac-a-dispense-une-session-de-formation-au-siege-de-larda-a-abidjan\/#primaryimage"},"image":{"@id":"https:\/\/citac.com\/fr\/citac-a-dispense-une-session-de-formation-au-siege-de-larda-a-abidjan\/#primaryimage"},"thumbnailUrl":"https:\/\/citac.com\/wp-content\/uploads\/2025\/12\/DSC_0013-1-1024x683.jpg","datePublished":"2025-12-08T12:06:08+00:00","dateModified":"2025-12-08T12:06:09+00:00","author":{"@id":"https:\/\/citac.com\/#\/schema\/person\/41e2cfafd04462d69bd0b47b38e1e0ba"},"breadcrumb":{"@id":"https:\/\/citac.com\/fr\/citac-a-dispense-une-session-de-formation-au-siege-de-larda-a-abidjan\/#breadcrumb"},"inLanguage":"fr-FR","potentialAction":[{"@type":"ReadAction","target":["https:\/\/citac.com\/fr\/citac-a-dispense-une-session-de-formation-au-siege-de-larda-a-abidjan\/"]}]},{"@type":"ImageObject","inLanguage":"fr-FR","@id":"https:\/\/citac.com\/fr\/citac-a-dispense-une-session-de-formation-au-siege-de-larda-a-abidjan\/#primaryimage","url":"https:\/\/citac.com\/wp-content\/uploads\/2025\/12\/DSC_0013-1-1024x683.jpg","contentUrl":"https:\/\/citac.com\/wp-content\/uploads\/2025\/12\/DSC_0013-1-1024x683.jpg"},{"@type":"BreadcrumbList","@id":"https:\/\/citac.com\/fr\/citac-a-dispense-une-session-de-formation-au-siege-de-larda-a-abidjan\/#breadcrumb","itemListElement":[{"@type":"ListItem","position":1,"name":"Home","item":"https:\/\/citac.com\/fr\/"},{"@type":"ListItem","position":2,"name":"CITAC a dispens\u00e9 une session de formation au si\u00e8ge de l\u2019ARDA \u00e0 Abidjan."}]},{"@type":"WebSite","@id":"https:\/\/citac.com\/#website","url":"https:\/\/citac.com\/","name":"CITAC","description":"Specialist consulting for the African downstream energy market","potentialAction":[{"@type":"SearchAction","target":{"@type":"EntryPoint","urlTemplate":"https:\/\/citac.com\/?s={search_term_string}"},"query-input":{"@type":"PropertyValueSpecification","valueRequired":true,"valueName":"search_term_string"}}],"inLanguage":"fr-FR"},{"@type":"Person","@id":"https:\/\/citac.com\/#\/schema\/person\/41e2cfafd04462d69bd0b47b38e1e0ba","name":"CITACLaure","image":{"@type":"ImageObject","inLanguage":"fr-FR","@id":"https:\/\/citac.com\/#\/schema\/person\/image\/","url":"https:\/\/secure.gravatar.com\/avatar\/ba5ed51a51bf3f43b2655bbb86f8e2353bd724b0b587967f73e017be5fb9e0d7?s=96&d=mm&r=g","contentUrl":"https:\/\/secure.gravatar.com\/avatar\/ba5ed51a51bf3f43b2655bbb86f8e2353bd724b0b587967f73e017be5fb9e0d7?s=96&d=mm&r=g","caption":"CITACLaure"},"url":"https:\/\/citac.com\/fr\/author\/citaclaure\/"}]}},"_links":{"self":[{"href":"https:\/\/citac.com\/fr\/wp-json\/wp\/v2\/posts\/7429","targetHints":{"allow":["GET"]}}],"collection":[{"href":"https:\/\/citac.com\/fr\/wp-json\/wp\/v2\/posts"}],"about":[{"href":"https:\/\/citac.com\/fr\/wp-json\/wp\/v2\/types\/post"}],"author":[{"embeddable":true,"href":"https:\/\/citac.com\/fr\/wp-json\/wp\/v2\/users\/970"}],"replies":[{"embeddable":true,"href":"https:\/\/citac.com\/fr\/wp-json\/wp\/v2\/comments?post=7429"}],"version-history":[{"count":0,"href":"https:\/\/citac.com\/fr\/wp-json\/wp\/v2\/posts\/7429\/revisions"}],"wp:attachment":[{"href":"https:\/\/citac.com\/fr\/wp-json\/wp\/v2\/media?parent=7429"}],"wp:term":[{"taxonomy":"category","embeddable":true,"href":"https:\/\/citac.com\/fr\/wp-json\/wp\/v2\/categories?post=7429"},{"taxonomy":"post_tag","embeddable":true,"href":"https:\/\/citac.com\/fr\/wp-json\/wp\/v2\/tags?post=7429"}],"curies":[{"name":"wp","href":"https:\/\/api.w.org\/{rel}","templated":true}]}}